{"id":841,"date":"1989-06-07T17:24:04","date_gmt":"1989-06-07T15:24:04","guid":{"rendered":"http:\/\/fabregaspere.com\/blog2\/?p=841"},"modified":"2025-12-22T11:26:45","modified_gmt":"2025-12-22T10:26:45","slug":"publicaciones-las-empresas-del-sector-de-gas-frente-al-mercado-unico-europeo-perspectivas-de-las-companias-distribuidoras-de-gas","status":"publish","type":"post","link":"https:\/\/fabregaspere.com\/blog2\/1989\/06\/07\/publicaciones-las-empresas-del-sector-de-gas-frente-al-mercado-unico-europeo-perspectivas-de-las-companias-distribuidoras-de-gas\/","title":{"rendered":"[PONENCIA] Las empresas del sector de gas frente al Mercado \u00danico Europeo. Perspectivas de las compa\u00f1\u00edas distribuidoras de gas [1989.06.07]"},"content":{"rendered":"<p><span style=\"text-decoration: underline;\"><span style=\"font-family: verdana, geneva, sans-serif; font-size: 14px;\"><strong><a href=\"https:\/\/fabregaspere.com\/blog2\/wp-content\/uploads\/2014\/09\/1989.06.07.Las-empresas-del-sector-de-gas-frente-al-mercado-unico-europeo.jpg\"><img loading=\"lazy\" decoding=\"async\" class=\"alignleft wp-image-663 \" src=\"https:\/\/fabregaspere.com\/blog2\/wp-content\/uploads\/2014\/09\/1989.06.07.Las-empresas-del-sector-de-gas-frente-al-mercado-unico-europeo.jpg\" alt=\"\" width=\"208\" height=\"288\" \/><\/a>Sector Gas [1989.06.07]<\/strong><\/span><\/span><\/p>\n<p><span style=\"font-family: verdana, geneva, sans-serif; font-size: 14px;\"><strong>F\u00c0BREGAS, Pere-A. (1989): <em>Las empresas del sector de gas frente al Mercado \u00danico Europeo. Perspectivas de las compa\u00f1\u00edas distribuidoras de gas<\/em><\/strong><\/span><\/p>\n<p><span style=\"font-family: verdana, geneva, sans-serif; font-size: 14px;\"><strong>3er. Forum Energ\u00e9tico: \u201cL\u2019Energia i el Mercat \u00danic Europeu\u201d<\/strong><\/span><\/p>\n<p><span style=\"font-family: verdana, geneva, sans-serif; font-size: 14px;\"><strong>Colegio Oficial de Ingenieros Industriales Catalunya, Barcelona<\/strong><\/span><\/p>\n<p><strong><span style=\"font-family: verdana, geneva, sans-serif; font-size: 14px;\"><a href=\"https:\/\/fabregaspere.com\/blog2\/wp-content\/uploads\/2014\/09\/1989.06.07.Las-empresas-del-sector-de-gas-frente-al-mercado-unico-europeo.pdf\">Descargar PDF<\/a><\/span><\/strong><\/p>\n","protected":false},"excerpt":{"rendered":"<p>Sector Gas [1989.06.07] F\u00c0BREGAS, Pere-A. (1989): Las empresas del sector de gas frente al Mercado \u00danico Europeo. Perspectivas de las compa\u00f1\u00edas distribuidoras de gas 3er. Forum Energ\u00e9tico: \u201cL\u2019Energia i el Mercat \u00danic Europeu\u201d Colegio Oficial de Ingenieros Industriales Catalunya, Barcelona Descargar PDF<\/p>\n","protected":false},"author":3,"featured_media":0,"comment_status":"closed","ping_status":"open","sticky":false,"template":"","format":"aside","meta":{"footnotes":""},"categories":[20,31,139],"tags":[50],"class_list":["post-841","post","type-post","status-publish","format-aside","hentry","category-17-ponencia","category-02-sector-gas","category-02-espanol","tag-barcelona","post_format-post-format-aside"],"rttpg_featured_image_url":null,"rttpg_author":{"display_name":"Pere-A. F\u00e0bregas","author_link":"https:\/\/fabregaspere.com\/blog2\/author\/fabregaspere2\/"},"rttpg_comment":0,"rttpg_category":"<a href=\"https:\/\/fabregaspere.com\/blog2\/category\/tipos\/17-ponencia\/\" rel=\"category tag\">a17. Ponencia<\/a> <a href=\"https:\/\/fabregaspere.com\/blog2\/category\/temas\/02-sector-gas\/\" rel=\"category tag\">b02. Sector Gas<\/a> <a href=\"https:\/\/fabregaspere.com\/blog2\/category\/idiomas\/02-espanol\/\" rel=\"category tag\">c02. Espa\u00f1ol<\/a>","rttpg_excerpt":"Sector Gas [1989.06.07] F\u00c0BREGAS, Pere-A. (1989): Las empresas del sector de gas frente al Mercado \u00danico Europeo. Perspectivas de las compa\u00f1\u00edas distribuidoras de gas 3er. Forum Energ\u00e9tico: \u201cL\u2019Energia i el Mercat \u00danic Europeu\u201d Colegio Oficial de Ingenieros Industriales Catalunya, Barcelona Descargar PDF","_links":{"self":[{"href":"https:\/\/fabregaspere.com\/blog2\/wp-json\/wp\/v2\/posts\/841","targetHints":{"allow":["GET"]}}],"collection":[{"href":"https:\/\/fabregaspere.com\/blog2\/wp-json\/wp\/v2\/posts"}],"about":[{"href":"https:\/\/fabregaspere.com\/blog2\/wp-json\/wp\/v2\/types\/post"}],"author":[{"embeddable":true,"href":"https:\/\/fabregaspere.com\/blog2\/wp-json\/wp\/v2\/users\/3"}],"replies":[{"embeddable":true,"href":"https:\/\/fabregaspere.com\/blog2\/wp-json\/wp\/v2\/comments?post=841"}],"version-history":[{"count":6,"href":"https:\/\/fabregaspere.com\/blog2\/wp-json\/wp\/v2\/posts\/841\/revisions"}],"predecessor-version":[{"id":17555,"href":"https:\/\/fabregaspere.com\/blog2\/wp-json\/wp\/v2\/posts\/841\/revisions\/17555"}],"wp:attachment":[{"href":"https:\/\/fabregaspere.com\/blog2\/wp-json\/wp\/v2\/media?parent=841"}],"wp:term":[{"taxonomy":"category","embeddable":true,"href":"https:\/\/fabregaspere.com\/blog2\/wp-json\/wp\/v2\/categories?post=841"},{"taxonomy":"post_tag","embeddable":true,"href":"https:\/\/fabregaspere.com\/blog2\/wp-json\/wp\/v2\/tags?post=841"}],"curies":[{"name":"wp","href":"https:\/\/api.w.org\/{rel}","templated":true}]}}