{"id":900,"date":"1995-09-26T20:50:53","date_gmt":"1995-09-26T19:50:53","guid":{"rendered":"http:\/\/fabregaspere.com\/blog2\/?p=900"},"modified":"2024-07-17T19:32:47","modified_gmt":"2024-07-17T17:32:47","slug":"publicaciones-perspectiva-economico-financiera-de-la-empresa-2","status":"publish","type":"post","link":"https:\/\/fabregaspere.com\/blog2\/1995\/09\/26\/publicaciones-perspectiva-economico-financiera-de-la-empresa-2\/","title":{"rendered":"[PONENCIA] Perspectiva Econ\u00f3mico-Financiera de la Empresa [1995.09.26]"},"content":{"rendered":"<p><span style=\"text-decoration: underline;\"><span style=\"font-family: verdana, geneva, sans-serif; font-size: 14px;\"><strong><a href=\"https:\/\/fabregaspere.com\/blog2\/wp-content\/uploads\/2014\/09\/1995.09.26.Perspectiva-Economico-Financiera-de-la-Empresa.jpg\"><img loading=\"lazy\" decoding=\"async\" class=\"alignleft wp-image-902 size-medium\" src=\"https:\/\/fabregaspere.com\/blog2\/wp-content\/uploads\/2014\/09\/1995.09.26.Perspectiva-Economico-Financiera-de-la-Empresa-212x300.jpg\" alt=\"\" width=\"212\" height=\"300\" srcset=\"https:\/\/fabregaspere.com\/blog2\/wp-content\/uploads\/2014\/09\/1995.09.26.Perspectiva-Economico-Financiera-de-la-Empresa-212x300.jpg 212w, https:\/\/fabregaspere.com\/blog2\/wp-content\/uploads\/2014\/09\/1995.09.26.Perspectiva-Economico-Financiera-de-la-Empresa.jpg 415w\" sizes=\"auto, (max-width: 212px) 100vw, 212px\" \/><\/a><\/strong><\/span><\/span><\/p>\n<p><span style=\"text-decoration: underline;\"><span style=\"font-family: verdana, geneva, sans-serif; font-size: 14px;\"><strong>Finanzas [1995.09.26]<\/strong><\/span><\/span><\/p>\n<p><span style=\"font-family: verdana, geneva, sans-serif; font-size: 14px;\"><strong>F\u00c0BREGAS, Pere-A. (1995): <em>Perspectiva Econ\u00f3mico-Financiera de la Empresa<\/em><\/strong><\/span><\/p>\n<p><span style=\"font-family: verdana, geneva, sans-serif; font-size: 14px;\"><strong>Programa Formaci\u00f3n \u201cEl Grupo Gas Natural\u201d<\/strong><\/span><\/p>\n<p><span style=\"font-family: verdana, geneva, sans-serif; font-size: 14px;\"><strong>Grupo Gas Natural, Alameda del Valle (Madrid)<\/strong><\/span><\/p>\n","protected":false},"excerpt":{"rendered":"<p>Finanzas [1995.09.26] F\u00c0BREGAS, Pere-A. (1995): Perspectiva Econ\u00f3mico-Financiera de la Empresa Programa Formaci\u00f3n \u201cEl Grupo Gas Natural\u201d Grupo Gas Natural, Alameda del Valle (Madrid)<\/p>\n","protected":false},"author":3,"featured_media":0,"comment_status":"closed","ping_status":"open","sticky":false,"template":"","format":"aside","meta":{"footnotes":""},"categories":[20,32,139],"tags":[77],"class_list":["post-900","post","type-post","status-publish","format-aside","hentry","category-17-ponencia","category-22-finanzas","category-02-espanol","tag-alameda-del-valle","post_format-post-format-aside"],"rttpg_featured_image_url":null,"rttpg_author":{"display_name":"Pere-A. F\u00e0bregas","author_link":"https:\/\/fabregaspere.com\/blog2\/author\/fabregaspere2\/"},"rttpg_comment":0,"rttpg_category":"<a href=\"https:\/\/fabregaspere.com\/blog2\/category\/tipos\/17-ponencia\/\" rel=\"category tag\">a17. Ponencia<\/a> <a href=\"https:\/\/fabregaspere.com\/blog2\/category\/temas\/22-finanzas\/\" rel=\"category tag\">b22. Finanzas<\/a> <a href=\"https:\/\/fabregaspere.com\/blog2\/category\/idiomas\/02-espanol\/\" rel=\"category tag\">c02. Espa\u00f1ol<\/a>","rttpg_excerpt":"Finanzas [1995.09.26] F\u00c0BREGAS, Pere-A. (1995): Perspectiva Econ\u00f3mico-Financiera de la Empresa Programa Formaci\u00f3n \u201cEl Grupo Gas Natural\u201d Grupo Gas Natural, Alameda del Valle (Madrid)","_links":{"self":[{"href":"https:\/\/fabregaspere.com\/blog2\/wp-json\/wp\/v2\/posts\/900","targetHints":{"allow":["GET"]}}],"collection":[{"href":"https:\/\/fabregaspere.com\/blog2\/wp-json\/wp\/v2\/posts"}],"about":[{"href":"https:\/\/fabregaspere.com\/blog2\/wp-json\/wp\/v2\/types\/post"}],"author":[{"embeddable":true,"href":"https:\/\/fabregaspere.com\/blog2\/wp-json\/wp\/v2\/users\/3"}],"replies":[{"embeddable":true,"href":"https:\/\/fabregaspere.com\/blog2\/wp-json\/wp\/v2\/comments?post=900"}],"version-history":[{"count":6,"href":"https:\/\/fabregaspere.com\/blog2\/wp-json\/wp\/v2\/posts\/900\/revisions"}],"predecessor-version":[{"id":12092,"href":"https:\/\/fabregaspere.com\/blog2\/wp-json\/wp\/v2\/posts\/900\/revisions\/12092"}],"wp:attachment":[{"href":"https:\/\/fabregaspere.com\/blog2\/wp-json\/wp\/v2\/media?parent=900"}],"wp:term":[{"taxonomy":"category","embeddable":true,"href":"https:\/\/fabregaspere.com\/blog2\/wp-json\/wp\/v2\/categories?post=900"},{"taxonomy":"post_tag","embeddable":true,"href":"https:\/\/fabregaspere.com\/blog2\/wp-json\/wp\/v2\/tags?post=900"}],"curies":[{"name":"wp","href":"https:\/\/api.w.org\/{rel}","templated":true}]}}